{"id":4475,"date":"2018-08-20T15:04:09","date_gmt":"2018-08-20T13:04:09","guid":{"rendered":"https:\/\/tiendabodegas.cruzestudio.es\/verano-no-sin-vino\/"},"modified":"2020-09-19T20:44:32","modified_gmt":"2020-09-19T20:44:32","slug":"verano-no-sin-vino-2","status":"publish","type":"post","link":"https:\/\/bodegaspaniza.com\/en\/noticias\/verano-no-sin-vino-2\/","title":{"rendered":"Selection of perfect wines for summer"},"content":{"rendered":"<p>With high temperatures, what you most want is to find the perfect drink, which combines freshness and power at the same time. A suggestive drink that evokes passion and freshness. The white and ros\u00e9 wines are the kings in this area. Thanks to its temperature of service, between 7 and 10 \u00baC the whites, and between 10 and 12 \u00baC the pink ones; and its fruity and fresh aromas and flavors are the ideal companions for the summer season.<\/p>\n<p>Chardonnay and Viura are two of the grapes par excellence for the production of white wines. The chardonnay grape has its origin in the Burgundy region, in France, specifically in the homonymous town from which it takes its name. It is versatile and suitable for all types of climates, giving rise to wines with a multitude of different nuances depending on the area and the altitude at which the vineyards are located. The grape variety viura, or macabeo, as it is also known, is native to the eastern half of Spain. It is a widespread variety throughout the Peninsula and is widely used for young white wines, sparkling wines and for varietals. Sometimes it is used to make various coupages with other varieties, including inks.<\/p>\n<p>In Paniza we have a wide range of wines made with Chardonnay and Viura, among which, Vi\u00f1as de Paniza Chardonnay, a white with a light barrel aging to develop the full potential of the variety. It is elegant, fresh and subtle. Its aroma has floral and citrus notes, with a touch of toasted cream. In the mouth it reminds us of the Original Werthers.<\/p>\n<p>For the production of ros\u00e9 wines, both white and red varieties can be used. The epicenter of the world of ros\u00e9 wine is found in the southern regions of France such as La Provence or Laguedoc-Roussillon. The ros\u00e9 wines can be dry or sweet. The dry pink ones are the most common in the whole world. France and Spain lead their production and they usually mix two to three grape varieties for their production. All pink can be made sweet, not letting all the sugar to ferment in alcohol, although this style is not very common. In Bodegas Paniza, our ros\u00e9s are made with our quintessential red grape, Garnacha.<\/p>\n","protected":false},"excerpt":{"rendered":"<p>With high temperatures, what you most want is to find the perfect drink, which combines freshness and power at the same time. A suggestive drink that evokes passion and freshness. The white and ros\u00e9 wines are the kings in this area. Thanks to its temperature of service, between 7 and 10 \u00baC the whites, and&#8230;<\/p>\n","protected":false},"author":1,"featured_media":4473,"comment_status":"open","ping_status":"closed","sticky":false,"template":"","format":"standard","meta":{"footnotes":""},"categories":[51],"tags":[],"class_list":["post-4475","post","type-post","status-publish","format-standard","has-post-thumbnail","hentry","category-uncategorized"],"yoast_head":"<!-- This site is optimized with the Yoast SEO plugin v27.1.1 - https:\/\/yoast.com\/product\/yoast-seo-wordpress\/ -->\n<title>Selection of perfect wines for summer - Bodegas Paniza | Vinos de Cari\u00f1ena con Denominaci\u00f3n de Origen Protegida<\/title>\n<meta name=\"robots\" content=\"index, follow, max-snippet:-1, max-image-preview:large, max-video-preview:-1\" \/>\n<link rel=\"canonical\" href=\"https:\/\/bodegaspaniza.com\/en\/noticias\/verano-no-sin-vino-2\/\" \/>\n<meta property=\"og:locale\" content=\"en_US\" \/>\n<meta property=\"og:type\" content=\"article\" \/>\n<meta property=\"og:title\" content=\"Selection of perfect wines for summer - Bodegas Paniza | Vinos de Cari\u00f1ena con Denominaci\u00f3n de Origen Protegida\" \/>\n<meta property=\"og:description\" content=\"With high temperatures, what you most want is to find the perfect drink, which combines freshness and power at the same time. A suggestive drink that evokes passion and freshness. The white and ros\u00e9 wines are the kings in this area. Thanks to its temperature of service, between 7 and 10 \u00baC the whites, and...\" \/>\n<meta property=\"og:url\" content=\"https:\/\/bodegaspaniza.com\/en\/noticias\/verano-no-sin-vino-2\/\" \/>\n<meta property=\"og:site_name\" content=\"Bodegas Paniza | Vinos de Cari\u00f1ena con Denominaci\u00f3n de Origen Protegida\" \/>\n<meta property=\"article:published_time\" content=\"2018-08-20T13:04:09+00:00\" \/>\n<meta property=\"article:modified_time\" content=\"2020-09-19T20:44:32+00:00\" \/>\n<meta property=\"og:image\" content=\"https:\/\/bodegaspaniza.com\/wp-content\/uploads\/2018\/08\/DSC_0163-scaled.jpg\" \/>\n\t<meta property=\"og:image:width\" content=\"2560\" \/>\n\t<meta property=\"og:image:height\" content=\"1707\" \/>\n\t<meta property=\"og:image:type\" content=\"image\/jpeg\" \/>\n<meta name=\"author\" content=\"admin\" \/>\n<meta name=\"twitter:card\" content=\"summary_large_image\" \/>\n<meta name=\"twitter:label1\" content=\"Written by\" \/>\n\t<meta name=\"twitter:data1\" content=\"admin\" \/>\n\t<meta name=\"twitter:label2\" content=\"Est. reading time\" \/>\n\t<meta name=\"twitter:data2\" content=\"2 minutes\" \/>\n<script type=\"application\/ld+json\" class=\"yoast-schema-graph\">{\"@context\":\"https:\/\/schema.org\",\"@graph\":[{\"@type\":\"Article\",\"@id\":\"https:\/\/bodegaspaniza.com\/en\/noticias\/verano-no-sin-vino-2\/#article\",\"isPartOf\":{\"@id\":\"https:\/\/bodegaspaniza.com\/en\/noticias\/verano-no-sin-vino-2\/\"},\"author\":{\"name\":\"admin\",\"@id\":\"https:\/\/bodegaspaniza.com\/#\/schema\/person\/32b6248f2bc8dc3e37b035c57fca512a\"},\"headline\":\"Selection of perfect wines for summer\",\"datePublished\":\"2018-08-20T13:04:09+00:00\",\"dateModified\":\"2020-09-19T20:44:32+00:00\",\"mainEntityOfPage\":{\"@id\":\"https:\/\/bodegaspaniza.com\/en\/noticias\/verano-no-sin-vino-2\/\"},\"wordCount\":381,\"commentCount\":0,\"image\":{\"@id\":\"https:\/\/bodegaspaniza.com\/en\/noticias\/verano-no-sin-vino-2\/#primaryimage\"},\"thumbnailUrl\":\"https:\/\/bodegaspaniza.com\/wp-content\/uploads\/2018\/08\/DSC_0163-scaled.jpg\",\"inLanguage\":\"en-US\",\"potentialAction\":[{\"@type\":\"CommentAction\",\"name\":\"Comment\",\"target\":[\"https:\/\/bodegaspaniza.com\/en\/noticias\/verano-no-sin-vino-2\/#respond\"]}]},{\"@type\":\"WebPage\",\"@id\":\"https:\/\/bodegaspaniza.com\/en\/noticias\/verano-no-sin-vino-2\/\",\"url\":\"https:\/\/bodegaspaniza.com\/en\/noticias\/verano-no-sin-vino-2\/\",\"name\":\"Selection of perfect wines for summer - Bodegas Paniza | Vinos de Cari\u00f1ena con Denominaci\u00f3n de Origen Protegida\",\"isPartOf\":{\"@id\":\"https:\/\/bodegaspaniza.com\/#website\"},\"primaryImageOfPage\":{\"@id\":\"https:\/\/bodegaspaniza.com\/en\/noticias\/verano-no-sin-vino-2\/#primaryimage\"},\"image\":{\"@id\":\"https:\/\/bodegaspaniza.com\/en\/noticias\/verano-no-sin-vino-2\/#primaryimage\"},\"thumbnailUrl\":\"https:\/\/bodegaspaniza.com\/wp-content\/uploads\/2018\/08\/DSC_0163-scaled.jpg\",\"datePublished\":\"2018-08-20T13:04:09+00:00\",\"dateModified\":\"2020-09-19T20:44:32+00:00\",\"author\":{\"@id\":\"https:\/\/bodegaspaniza.com\/#\/schema\/person\/32b6248f2bc8dc3e37b035c57fca512a\"},\"breadcrumb\":{\"@id\":\"https:\/\/bodegaspaniza.com\/en\/noticias\/verano-no-sin-vino-2\/#breadcrumb\"},\"inLanguage\":\"en-US\",\"potentialAction\":[{\"@type\":\"ReadAction\",\"target\":[\"https:\/\/bodegaspaniza.com\/en\/noticias\/verano-no-sin-vino-2\/\"]}]},{\"@type\":\"ImageObject\",\"inLanguage\":\"en-US\",\"@id\":\"https:\/\/bodegaspaniza.com\/en\/noticias\/verano-no-sin-vino-2\/#primaryimage\",\"url\":\"https:\/\/bodegaspaniza.com\/wp-content\/uploads\/2018\/08\/DSC_0163-scaled.jpg\",\"contentUrl\":\"https:\/\/bodegaspaniza.com\/wp-content\/uploads\/2018\/08\/DSC_0163-scaled.jpg\",\"width\":2560,\"height\":1707},{\"@type\":\"BreadcrumbList\",\"@id\":\"https:\/\/bodegaspaniza.com\/en\/noticias\/verano-no-sin-vino-2\/#breadcrumb\",\"itemListElement\":[{\"@type\":\"ListItem\",\"position\":1,\"name\":\"Portada\",\"item\":\"https:\/\/bodegaspaniza.com\/en\/\"},{\"@type\":\"ListItem\",\"position\":2,\"name\":\"Selection of perfect wines for summer\"}]},{\"@type\":\"WebSite\",\"@id\":\"https:\/\/bodegaspaniza.com\/#website\",\"url\":\"https:\/\/bodegaspaniza.com\/\",\"name\":\"Bodegas Paniza | Vinos de Cari\u00f1ena con Denominaci\u00f3n de Origen Protegida\",\"description\":\"Somos una bodega aragonesa, enclavada en la Denominaci\u00f3n de Origen Protegida de Vinos de Cari\u00f1ena, en el sur de la provincia de Zaragoza\",\"potentialAction\":[{\"@type\":\"SearchAction\",\"target\":{\"@type\":\"EntryPoint\",\"urlTemplate\":\"https:\/\/bodegaspaniza.com\/?s={search_term_string}\"},\"query-input\":{\"@type\":\"PropertyValueSpecification\",\"valueRequired\":true,\"valueName\":\"search_term_string\"}}],\"inLanguage\":\"en-US\"},{\"@type\":\"Person\",\"@id\":\"https:\/\/bodegaspaniza.com\/#\/schema\/person\/32b6248f2bc8dc3e37b035c57fca512a\",\"name\":\"admin\",\"image\":{\"@type\":\"ImageObject\",\"inLanguage\":\"en-US\",\"@id\":\"https:\/\/bodegaspaniza.com\/#\/schema\/person\/image\/\",\"url\":\"https:\/\/secure.gravatar.com\/avatar\/1a2ecfb1388cff6560a48af61e6497faadbcd663b5bbe825844aec37c999f803?s=96&d=mm&r=g\",\"contentUrl\":\"https:\/\/secure.gravatar.com\/avatar\/1a2ecfb1388cff6560a48af61e6497faadbcd663b5bbe825844aec37c999f803?s=96&d=mm&r=g\",\"caption\":\"admin\"},\"url\":\"https:\/\/bodegaspaniza.com\/en\/noticias\/author\/admin\/\"}]}<\/script>\n<!-- \/ Yoast SEO plugin. -->","yoast_head_json":{"title":"Selection of perfect wines for summer - Bodegas Paniza | Vinos de Cari\u00f1ena con Denominaci\u00f3n de Origen Protegida","robots":{"index":"index","follow":"follow","max-snippet":"max-snippet:-1","max-image-preview":"max-image-preview:large","max-video-preview":"max-video-preview:-1"},"canonical":"https:\/\/bodegaspaniza.com\/en\/noticias\/verano-no-sin-vino-2\/","og_locale":"en_US","og_type":"article","og_title":"Selection of perfect wines for summer - Bodegas Paniza | Vinos de Cari\u00f1ena con Denominaci\u00f3n de Origen Protegida","og_description":"With high temperatures, what you most want is to find the perfect drink, which combines freshness and power at the same time. A suggestive drink that evokes passion and freshness. The white and ros\u00e9 wines are the kings in this area. Thanks to its temperature of service, between 7 and 10 \u00baC the whites, and...","og_url":"https:\/\/bodegaspaniza.com\/en\/noticias\/verano-no-sin-vino-2\/","og_site_name":"Bodegas Paniza | Vinos de Cari\u00f1ena con Denominaci\u00f3n de Origen Protegida","article_published_time":"2018-08-20T13:04:09+00:00","article_modified_time":"2020-09-19T20:44:32+00:00","og_image":[{"width":2560,"height":1707,"url":"https:\/\/bodegaspaniza.com\/wp-content\/uploads\/2018\/08\/DSC_0163-scaled.jpg","type":"image\/jpeg"}],"author":"admin","twitter_card":"summary_large_image","twitter_misc":{"Written by":"admin","Est. reading time":"2 minutes"},"schema":{"@context":"https:\/\/schema.org","@graph":[{"@type":"Article","@id":"https:\/\/bodegaspaniza.com\/en\/noticias\/verano-no-sin-vino-2\/#article","isPartOf":{"@id":"https:\/\/bodegaspaniza.com\/en\/noticias\/verano-no-sin-vino-2\/"},"author":{"name":"admin","@id":"https:\/\/bodegaspaniza.com\/#\/schema\/person\/32b6248f2bc8dc3e37b035c57fca512a"},"headline":"Selection of perfect wines for summer","datePublished":"2018-08-20T13:04:09+00:00","dateModified":"2020-09-19T20:44:32+00:00","mainEntityOfPage":{"@id":"https:\/\/bodegaspaniza.com\/en\/noticias\/verano-no-sin-vino-2\/"},"wordCount":381,"commentCount":0,"image":{"@id":"https:\/\/bodegaspaniza.com\/en\/noticias\/verano-no-sin-vino-2\/#primaryimage"},"thumbnailUrl":"https:\/\/bodegaspaniza.com\/wp-content\/uploads\/2018\/08\/DSC_0163-scaled.jpg","inLanguage":"en-US","potentialAction":[{"@type":"CommentAction","name":"Comment","target":["https:\/\/bodegaspaniza.com\/en\/noticias\/verano-no-sin-vino-2\/#respond"]}]},{"@type":"WebPage","@id":"https:\/\/bodegaspaniza.com\/en\/noticias\/verano-no-sin-vino-2\/","url":"https:\/\/bodegaspaniza.com\/en\/noticias\/verano-no-sin-vino-2\/","name":"Selection of perfect wines for summer - Bodegas Paniza | Vinos de Cari\u00f1ena con Denominaci\u00f3n de Origen Protegida","isPartOf":{"@id":"https:\/\/bodegaspaniza.com\/#website"},"primaryImageOfPage":{"@id":"https:\/\/bodegaspaniza.com\/en\/noticias\/verano-no-sin-vino-2\/#primaryimage"},"image":{"@id":"https:\/\/bodegaspaniza.com\/en\/noticias\/verano-no-sin-vino-2\/#primaryimage"},"thumbnailUrl":"https:\/\/bodegaspaniza.com\/wp-content\/uploads\/2018\/08\/DSC_0163-scaled.jpg","datePublished":"2018-08-20T13:04:09+00:00","dateModified":"2020-09-19T20:44:32+00:00","author":{"@id":"https:\/\/bodegaspaniza.com\/#\/schema\/person\/32b6248f2bc8dc3e37b035c57fca512a"},"breadcrumb":{"@id":"https:\/\/bodegaspaniza.com\/en\/noticias\/verano-no-sin-vino-2\/#breadcrumb"},"inLanguage":"en-US","potentialAction":[{"@type":"ReadAction","target":["https:\/\/bodegaspaniza.com\/en\/noticias\/verano-no-sin-vino-2\/"]}]},{"@type":"ImageObject","inLanguage":"en-US","@id":"https:\/\/bodegaspaniza.com\/en\/noticias\/verano-no-sin-vino-2\/#primaryimage","url":"https:\/\/bodegaspaniza.com\/wp-content\/uploads\/2018\/08\/DSC_0163-scaled.jpg","contentUrl":"https:\/\/bodegaspaniza.com\/wp-content\/uploads\/2018\/08\/DSC_0163-scaled.jpg","width":2560,"height":1707},{"@type":"BreadcrumbList","@id":"https:\/\/bodegaspaniza.com\/en\/noticias\/verano-no-sin-vino-2\/#breadcrumb","itemListElement":[{"@type":"ListItem","position":1,"name":"Portada","item":"https:\/\/bodegaspaniza.com\/en\/"},{"@type":"ListItem","position":2,"name":"Selection of perfect wines for summer"}]},{"@type":"WebSite","@id":"https:\/\/bodegaspaniza.com\/#website","url":"https:\/\/bodegaspaniza.com\/","name":"Bodegas Paniza | Vinos de Cari\u00f1ena con Denominaci\u00f3n de Origen Protegida","description":"Somos una bodega aragonesa, enclavada en la Denominaci\u00f3n de Origen Protegida de Vinos de Cari\u00f1ena, en el sur de la provincia de Zaragoza","potentialAction":[{"@type":"SearchAction","target":{"@type":"EntryPoint","urlTemplate":"https:\/\/bodegaspaniza.com\/?s={search_term_string}"},"query-input":{"@type":"PropertyValueSpecification","valueRequired":true,"valueName":"search_term_string"}}],"inLanguage":"en-US"},{"@type":"Person","@id":"https:\/\/bodegaspaniza.com\/#\/schema\/person\/32b6248f2bc8dc3e37b035c57fca512a","name":"admin","image":{"@type":"ImageObject","inLanguage":"en-US","@id":"https:\/\/bodegaspaniza.com\/#\/schema\/person\/image\/","url":"https:\/\/secure.gravatar.com\/avatar\/1a2ecfb1388cff6560a48af61e6497faadbcd663b5bbe825844aec37c999f803?s=96&d=mm&r=g","contentUrl":"https:\/\/secure.gravatar.com\/avatar\/1a2ecfb1388cff6560a48af61e6497faadbcd663b5bbe825844aec37c999f803?s=96&d=mm&r=g","caption":"admin"},"url":"https:\/\/bodegaspaniza.com\/en\/noticias\/author\/admin\/"}]}},"_links":{"self":[{"href":"https:\/\/bodegaspaniza.com\/en\/wp-json\/wp\/v2\/posts\/4475","targetHints":{"allow":["GET"]}}],"collection":[{"href":"https:\/\/bodegaspaniza.com\/en\/wp-json\/wp\/v2\/posts"}],"about":[{"href":"https:\/\/bodegaspaniza.com\/en\/wp-json\/wp\/v2\/types\/post"}],"author":[{"embeddable":true,"href":"https:\/\/bodegaspaniza.com\/en\/wp-json\/wp\/v2\/users\/1"}],"replies":[{"embeddable":true,"href":"https:\/\/bodegaspaniza.com\/en\/wp-json\/wp\/v2\/comments?post=4475"}],"version-history":[{"count":1,"href":"https:\/\/bodegaspaniza.com\/en\/wp-json\/wp\/v2\/posts\/4475\/revisions"}],"predecessor-version":[{"id":6154,"href":"https:\/\/bodegaspaniza.com\/en\/wp-json\/wp\/v2\/posts\/4475\/revisions\/6154"}],"wp:featuredmedia":[{"embeddable":true,"href":"https:\/\/bodegaspaniza.com\/en\/wp-json\/wp\/v2\/media\/4473"}],"wp:attachment":[{"href":"https:\/\/bodegaspaniza.com\/en\/wp-json\/wp\/v2\/media?parent=4475"}],"wp:term":[{"taxonomy":"category","embeddable":true,"href":"https:\/\/bodegaspaniza.com\/en\/wp-json\/wp\/v2\/categories?post=4475"},{"taxonomy":"post_tag","embeddable":true,"href":"https:\/\/bodegaspaniza.com\/en\/wp-json\/wp\/v2\/tags?post=4475"}],"curies":[{"name":"wp","href":"https:\/\/api.w.org\/{rel}","templated":true}]}}